{"id":26211,"date":"2026-09-01T01:01:00","date_gmt":"2026-09-01T05:01:00","guid":{"rendered":"https:\/\/www.colegiosanfranciscodeasis.cl\/csfda\/?p=26211"},"modified":"2026-08-31T12:23:28","modified_gmt":"2026-08-31T16:23:28","slug":"septiembre-2026","status":"publish","type":"post","link":"https:\/\/www.colegiosanfranciscodeasis.cl\/csfda\/2026\/09\/septiembre-2026\/","title":{"rendered":"Septiembre 2026"},"content":{"rendered":"\n<p>El mes de septiembre est\u00e1 marcado por la celebraci\u00f3n de las Fiestas Patrias. En el Colegio nos interesa mucho destacar esta fiesta porque es importante ense\u00f1ar a los alumnos el amor a la patria.<\/p>\n<p>Juan Pablo II en su libro \u201cMemoria e identidad\u201d explica lo que \u00e9l piensa sobre esto: \u201cSi se pregunta por el lugar del patriotismo en el dec\u00e1logo, la respuesta es inequ\u00edvoca: es parte del cuarto mandamiento, que nos exige honrar al padre y a la madre. Es uno de esos sentimientos que el lat\u00edn incluye en el t\u00e9rmino\u00a0<em>pietas<\/em>, resaltando la dimensi\u00f3n religiosa subyacente en el respeto y veneraci\u00f3n que se debe a los padres, porque representan para nosotros a Dios Creador. Al darnos la vida, participan en el misterio de la creaci\u00f3n y merecen por tanto una devoci\u00f3n que evoca la que rendimos a Dios Creador. El patriotismo conlleva precisamente a este tipo de actitud interior, desde el momento que tambi\u00e9n la patria es verdaderamente una madre para cada uno.\u201d<\/p>\n<p>\u00a0\u00a0\u00a0\u00a0 Queremos transmitirles a nuestros alumnos este amor, y hacer que cada uno viva realmente un patriotismo que le lleve a comprometerse con su naci\u00f3n, sus necesidades y sus anhelos.<\/p>\n<p>\u00a0\u00a0\u00a0\u00a0 Para finalizar este mes de la patria como hijos de nuestra Iglesia, invitamos a todos los miembros del Colegio a asistir a la procesi\u00f3n de la Virgen del Carmen, Reina de Chile, que se celebrar\u00e1 el domingo 27 de septiembre a las 15:30 horas, partiendo desde la Plaza de Armas de Santiago.<\/p>\n","protected":false},"excerpt":{"rendered":"<p>El mes de septiembre est\u00e1 marcado por la celebraci\u00f3n de las Fiestas Patrias. En el Colegio nos interesa mucho destacar esta fiesta porque es importante ense\u00f1ar a los alumnos el amor a la patria. Juan Pablo II en su libro \u201cMemoria e<a class=\"read-more\" href=\"https:\/\/www.colegiosanfranciscodeasis.cl\/csfda\/2026\/09\/septiembre-2026\/\" rel=\"nofollow\">[&#8230;]<\/a><\/p>\n","protected":false},"author":23,"featured_media":0,"comment_status":"open","ping_status":"open","sticky":false,"template":"","format":"standard","meta":{"footnotes":""},"categories":[3],"tags":[],"class_list":["post-26211","post","type-post","status-publish","format-standard","hentry","category-editoriales","odd"],"_links":{"self":[{"href":"https:\/\/www.colegiosanfranciscodeasis.cl\/csfda\/wp-json\/wp\/v2\/posts\/26211","targetHints":{"allow":["GET"]}}],"collection":[{"href":"https:\/\/www.colegiosanfranciscodeasis.cl\/csfda\/wp-json\/wp\/v2\/posts"}],"about":[{"href":"https:\/\/www.colegiosanfranciscodeasis.cl\/csfda\/wp-json\/wp\/v2\/types\/post"}],"author":[{"embeddable":true,"href":"https:\/\/www.colegiosanfranciscodeasis.cl\/csfda\/wp-json\/wp\/v2\/users\/23"}],"replies":[{"embeddable":true,"href":"https:\/\/www.colegiosanfranciscodeasis.cl\/csfda\/wp-json\/wp\/v2\/comments?post=26211"}],"version-history":[{"count":1,"href":"https:\/\/www.colegiosanfranciscodeasis.cl\/csfda\/wp-json\/wp\/v2\/posts\/26211\/revisions"}],"predecessor-version":[{"id":26212,"href":"https:\/\/www.colegiosanfranciscodeasis.cl\/csfda\/wp-json\/wp\/v2\/posts\/26211\/revisions\/26212"}],"wp:attachment":[{"href":"https:\/\/www.colegiosanfranciscodeasis.cl\/csfda\/wp-json\/wp\/v2\/media?parent=26211"}],"wp:term":[{"taxonomy":"category","embeddable":true,"href":"https:\/\/www.colegiosanfranciscodeasis.cl\/csfda\/wp-json\/wp\/v2\/categories?post=26211"},{"taxonomy":"post_tag","embeddable":true,"href":"https:\/\/www.colegiosanfranciscodeasis.cl\/csfda\/wp-json\/wp\/v2\/tags?post=26211"}],"curies":[{"name":"wp","href":"https:\/\/api.w.org\/{rel}","templated":true}]}}